{"id":76,"date":"2016-07-01T10:00:42","date_gmt":"2016-07-01T16:00:42","guid":{"rendered":"http:\/\/radioimpulso.com\/2016\/?p=76"},"modified":"2016-07-20T05:53:10","modified_gmt":"2016-07-20T11:53:10","slug":"sabias-que-10-datos-curiosos-sobre-la-historia-de-la-moda","status":"publish","type":"post","link":"https:\/\/radioimpulso.com\/2016\/2016\/07\/01\/sabias-que-10-datos-curiosos-sobre-la-historia-de-la-moda\/","title":{"rendered":"\u00bfSab\u00edas qu\u00e9&#8230;? 10 datos curiosos sobre la historia de la moda"},"content":{"rendered":"<p><strong>Te presentamos la informaci\u00f3n que pocos saben y que muchos admiran de la moda, esperamos que te sea de tu agrado.<\/strong><\/p>\n\n\t\t<style type=\"text\/css\">\n\t\t\t#gallery-1 {\n\t\t\t\tmargin: auto;\n\t\t\t}\n\t\t\t#gallery-1 .gallery-item {\n\t\t\t\tfloat: left;\n\t\t\t\tmargin-top: 10px;\n\t\t\t\ttext-align: center;\n\t\t\t\twidth: 33%;\n\t\t\t}\n\t\t\t#gallery-1 img {\n\t\t\t\tborder: 2px solid #cfcfcf;\n\t\t\t}\n\t\t\t#gallery-1 .gallery-caption {\n\t\t\t\tmargin-left: 0;\n\t\t\t}\n\t\t\t\/* see gallery_shortcode() in wp-includes\/media.php *\/\n\t\t<\/style>\n\t\t<div id='gallery-1' class='gallery galleryid-76 gallery-columns-3 gallery-size-thumbnail'><dl class='gallery-item'>\n\t\t\t<dt class='gallery-icon landscape'>\n\t\t\t\t<a href='https:\/\/radioimpulso.com\/2016\/wp-content\/uploads\/2016\/07\/moda_01.jpg'><img loading=\"lazy\" decoding=\"async\" width=\"90\" height=\"68\" src=\"https:\/\/radioimpulso.com\/2016\/wp-content\/uploads\/2016\/07\/moda_01-90x68.jpg\" class=\"attachment-thumbnail size-thumbnail\" alt=\"\" \/><\/a>\n\t\t\t<\/dt><\/dl><dl class='gallery-item'>\n\t\t\t<dt class='gallery-icon landscape'>\n\t\t\t\t<a href='https:\/\/radioimpulso.com\/2016\/wp-content\/uploads\/2016\/07\/moda_04.jpg'><img loading=\"lazy\" decoding=\"async\" width=\"90\" height=\"68\" src=\"https:\/\/radioimpulso.com\/2016\/wp-content\/uploads\/2016\/07\/moda_04-90x68.jpg\" class=\"attachment-thumbnail size-thumbnail\" alt=\"\" \/><\/a>\n\t\t\t<\/dt><\/dl><dl class='gallery-item'>\n\t\t\t<dt class='gallery-icon landscape'>\n\t\t\t\t<a href='https:\/\/radioimpulso.com\/2016\/wp-content\/uploads\/2016\/07\/moda_02.jpg'><img loading=\"lazy\" decoding=\"async\" width=\"90\" height=\"68\" src=\"https:\/\/radioimpulso.com\/2016\/wp-content\/uploads\/2016\/07\/moda_02-90x68.jpg\" class=\"attachment-thumbnail size-thumbnail\" alt=\"\" \/><\/a>\n\t\t\t<\/dt><\/dl><br style=\"clear: both\" \/>\n\t\t<\/div>\n\n<ol>\n<li>Hace aproximadamente 60 a\u00f1os, las medidas de los vestidos de ba\u00f1o eran inspeccionadas por oficiales que controlaban que se cumpliera con un c\u00f3digo de decencia establecido.<\/li>\n<li>En la \u00e9poca del renacimiento era bien visto que las mujeres se afeitaran las cejas completamente.<\/li>\n<li>Los cors\u00e9s que usaban las mujeres en el pasado com\u00fanmente, les quebraban las costillas.<\/li>\n<li>La costumbre de usar perfume empez\u00f3 con la presentaci\u00f3n del famoso perfume Chanel No. 5 en el a\u00f1o 1921.<\/li>\n<li>Las joyas no han sido siempre usadas por las mujeres, de hecho, los hombres en el pasado fueron los que empezaron a usarlas para demostrar poder y prestigio.<\/li>\n<li>Ser mujer y tener el pelo corto hoy es d\u00eda es algo normal. Sin embargo, en la \u00e9poca antigua se les cortaba el pelo a las mujeres infieles a modo de castigo.<\/li>\n<li>La falda es, despu\u00e9s del taparrabo, la prenda de vestir m\u00e1s antigua. Antiguamente era usada por los hombres.<\/li>\n<li>En promedio, cada mujer utiliza 2,7 Kg. de l\u00e1piz labial en un a\u00f1o.<\/li>\n<li>Isabel I de Inglaterra hizo obligatorio el uso de sombreros los domingos y d\u00edas festivo,s para todas las mujeres mayores de 7 a\u00f1os.<\/li>\n<li>La plancha con la que hoy en d\u00eda se alisa el pelo, ya exist\u00eda en otra versi\u00f3n en el siglo XIII. Una pinza de hierro se calentaba al fuego y as\u00ed se lograban elegantes peinados.<\/li>\n<\/ol>\n<p><em><strong>Fuente<\/strong>: http:\/\/todosobrenuevamoda.blogspot.mx\/2013\/04\/sabias-que-10-datos-curiosos-sobre-la.html<\/em><\/p>\n","protected":false},"excerpt":{"rendered":"<p>Te presentamos la informaci\u00f3n que pocos saben y que muchos admiran de la moda, esperamos que te sea de tu agrado. Hace aproximadamente 60 a\u00f1os, las medidas de los vestidos de ba\u00f1o eran inspeccionadas por oficiales que controlaban que se cumpliera con un c\u00f3digo de decencia establecido. En la \u00e9poca del renacimiento era bien visto [&hellip;]<\/p>\n","protected":false},"author":1,"featured_media":74,"comment_status":"closed","ping_status":"closed","sticky":false,"template":"","format":"standard","meta":{"footnotes":""},"categories":[23,11],"tags":[24,19],"class_list":["post-76","post","type-post","status-publish","format-standard","has-post-thumbnail","hentry","category-curiosidades","category-moda","tag-curiosidades","tag-moda"],"_links":{"self":[{"href":"https:\/\/radioimpulso.com\/2016\/wp-json\/wp\/v2\/posts\/76","targetHints":{"allow":["GET"]}}],"collection":[{"href":"https:\/\/radioimpulso.com\/2016\/wp-json\/wp\/v2\/posts"}],"about":[{"href":"https:\/\/radioimpulso.com\/2016\/wp-json\/wp\/v2\/types\/post"}],"author":[{"embeddable":true,"href":"https:\/\/radioimpulso.com\/2016\/wp-json\/wp\/v2\/users\/1"}],"replies":[{"embeddable":true,"href":"https:\/\/radioimpulso.com\/2016\/wp-json\/wp\/v2\/comments?post=76"}],"version-history":[{"count":3,"href":"https:\/\/radioimpulso.com\/2016\/wp-json\/wp\/v2\/posts\/76\/revisions"}],"predecessor-version":[{"id":79,"href":"https:\/\/radioimpulso.com\/2016\/wp-json\/wp\/v2\/posts\/76\/revisions\/79"}],"wp:featuredmedia":[{"embeddable":true,"href":"https:\/\/radioimpulso.com\/2016\/wp-json\/wp\/v2\/media\/74"}],"wp:attachment":[{"href":"https:\/\/radioimpulso.com\/2016\/wp-json\/wp\/v2\/media?parent=76"}],"wp:term":[{"taxonomy":"category","embeddable":true,"href":"https:\/\/radioimpulso.com\/2016\/wp-json\/wp\/v2\/categories?post=76"},{"taxonomy":"post_tag","embeddable":true,"href":"https:\/\/radioimpulso.com\/2016\/wp-json\/wp\/v2\/tags?post=76"}],"curies":[{"name":"wp","href":"https:\/\/api.w.org\/{rel}","templated":true}]}}